{"id":6010,"date":"2023-01-30T15:29:02","date_gmt":"2023-01-30T15:29:02","guid":{"rendered":"https:\/\/www.autovintage.tv\/staging\/?p=6010"},"modified":"2023-04-04T17:24:48","modified_gmt":"2023-04-04T17:24:48","slug":"14-febbraio-san-valentino","status":"publish","type":"post","link":"https:\/\/www.autovintage.tv\/staging\/it\/news-it\/14-febbraio-san-valentino\/","title":{"rendered":"14 Febbraio San Valentino!"},"content":{"rendered":"\t\t<div data-elementor-type=\"wp-post\" data-elementor-id=\"6010\" class=\"elementor elementor-6010\">\n\t\t\t\t\t\t\t\t\t<section class=\"elementor-section elementor-top-section elementor-element elementor-element-7fde23c elementor-section-boxed elementor-section-height-default elementor-section-height-default\" data-id=\"7fde23c\" data-element_type=\"section\">\n\t\t\t\t\t\t<div class=\"elementor-container elementor-column-gap-default\">\n\t\t\t\t\t<div class=\"elementor-column elementor-col-25 elementor-top-column elementor-element elementor-element-88ee53f\" data-id=\"88ee53f\" data-element_type=\"column\">\n\t\t\t<div class=\"elementor-widget-wrap\">\n\t\t\t\t\t\t\t\t\t<\/div>\n\t\t<\/div>\n\t\t\t\t<div class=\"elementor-column elementor-col-50 elementor-top-column elementor-element elementor-element-50ad84d\" data-id=\"50ad84d\" data-element_type=\"column\">\n\t\t\t<div class=\"elementor-widget-wrap elementor-element-populated\">\n\t\t\t\t\t\t\t\t<div class=\"elementor-element elementor-element-ca68af3 elementor-widget elementor-widget-image\" data-id=\"ca68af3\" data-element_type=\"widget\" data-widget_type=\"image.default\">\n\t\t\t\t<div class=\"elementor-widget-container\">\n\t\t\t<style>\/*! elementor - v3.12.1 - 02-04-2023 *\/\n.elementor-widget-image{text-align:center}.elementor-widget-image a{display:inline-block}.elementor-widget-image a img[src$=\".svg\"]{width:48px}.elementor-widget-image img{vertical-align:middle;display:inline-block}<\/style>\t\t\t\t\t\t\t\t\t\t\t\t<img decoding=\"async\" width=\"800\" height=\"600\" src=\"https:\/\/www.autovintage.tv\/staging\/wp-content\/uploads\/Buon-San-Valentino-2023-limo-bianca.jpg\" class=\"attachment-large size-large wp-image-24379\" alt=\"\" loading=\"lazy\" srcset=\"https:\/\/www.autovintage.tv\/staging\/wp-content\/uploads\/Buon-San-Valentino-2023-limo-bianca.jpg 800w, https:\/\/www.autovintage.tv\/staging\/wp-content\/uploads\/Buon-San-Valentino-2023-limo-bianca-300x225.jpg 300w, https:\/\/www.autovintage.tv\/staging\/wp-content\/uploads\/Buon-San-Valentino-2023-limo-bianca-768x576.jpg 768w\" sizes=\"(max-width: 800px) 100vw, 800px\" \/>\t\t\t\t\t\t\t\t\t\t\t\t\t\t\t<\/div>\n\t\t\t\t<\/div>\n\t\t\t\t\t<\/div>\n\t\t<\/div>\n\t\t\t\t<div class=\"elementor-column elementor-col-25 elementor-top-column elementor-element elementor-element-ee56ff3\" data-id=\"ee56ff3\" data-element_type=\"column\">\n\t\t\t<div class=\"elementor-widget-wrap\">\n\t\t\t\t\t\t\t\t\t<\/div>\n\t\t<\/div>\n\t\t\t\t\t\t\t<\/div>\n\t\t<\/section>\n\t\t\t\t<section class=\"elementor-section elementor-top-section elementor-element elementor-element-3d42ceae elementor-section-boxed elementor-section-height-default elementor-section-height-default\" data-id=\"3d42ceae\" data-element_type=\"section\">\n\t\t\t\t\t\t<div class=\"elementor-container elementor-column-gap-default\">\n\t\t\t\t\t<div class=\"elementor-column elementor-col-100 elementor-top-column elementor-element elementor-element-24612355\" data-id=\"24612355\" data-element_type=\"column\">\n\t\t\t<div class=\"elementor-widget-wrap elementor-element-populated\">\n\t\t\t\t\t\t\t\t<div class=\"elementor-element elementor-element-277f08ba elementor-widget elementor-widget-text-editor\" data-id=\"277f08ba\" data-element_type=\"widget\" data-widget_type=\"text-editor.default\">\n\t\t\t\t<div class=\"elementor-widget-container\">\n\t\t\t<style>\/*! elementor - v3.12.1 - 02-04-2023 *\/\n.elementor-widget-text-editor.elementor-drop-cap-view-stacked .elementor-drop-cap{background-color:#69727d;color:#fff}.elementor-widget-text-editor.elementor-drop-cap-view-framed .elementor-drop-cap{color:#69727d;border:3px solid;background-color:transparent}.elementor-widget-text-editor:not(.elementor-drop-cap-view-default) .elementor-drop-cap{margin-top:8px}.elementor-widget-text-editor:not(.elementor-drop-cap-view-default) .elementor-drop-cap-letter{width:1em;height:1em}.elementor-widget-text-editor .elementor-drop-cap{float:left;text-align:center;line-height:1;font-size:50px}.elementor-widget-text-editor .elementor-drop-cap-letter{display:inline-block}<\/style>\t\t\t\t<p>Noleggiare una delle nostre nuovissime <strong>Stretch Limousine<\/strong> \u00e8 il modo migliore per trascorrere un <strong>San Valentino<\/strong> eccezionale!<\/p>\n<p>Si tratta di una soluzione originale per stupire chi ami il 14 febbraio 2023\u00a0con una serata fuori dal comune.<\/p>\n<p>\u00c8 il giorno dedicato a tutti gli innamorati, particolarmente indicato per dichiarare i propri sentimenti e le emozioni a chi vi fa battere il cuore all\u2019impazzata, oppure per ricucire lo strappo in un rapporto logorato, oppure perfetta per mettersi in ginocchio e proporre di passare il resto della vita insieme, per tutto questo avete bisogno di un\u2019<strong>atmosfera unica<\/strong>, fiabesca e ovviamente romantica, che solo una delle nuostre <strong>Nuovissime Stretch Limousine<\/strong> offrono.<\/p>\n<p>L\u2019affitto Limousine vi permette di vivere e far vivere un\u2019<strong>avventura da sogno<\/strong> per una notte, vi sar\u00e0 possibile brindare e rilassarvi con un dolce sottofondo musicale.<\/p>\n<p>Per un magico San Valentino in tutto il Nord Italia potete contare sul nostro aiuto. Tutto ci\u00f2 che dovreste fare \u00e8 darci tutte le indicazioni per permetterci di donarvi il servizio migliore adatto alle vostre necessit\u00e0, il nostro obiettivo \u00e8 quello di rendervi felici e soddisfatti, ecco perch\u00e9 ci mettiamo il cuore e quindi vi offriamo tutta la nostra professionalit\u00e0, ma anche passione e forte motivazione.<\/p>\n<p>Vi mettiamo a disposizione uno staff altamente qualificato, pronto a esaudire i vostri desideri a prezzi vantaggiosi.<\/p>\n<ul>\n<li>Tour con partenza e ritorno scelto da voi<\/li>\n<li>Bottiglia di prosecco<\/li>\n<li>Noleggio minimo 2 ore<\/li>\n<li>Possibilit\u00e0 di richiedere ore aggiuntive<\/li>\n<li>Servizi extra: prenotazione Ristorante e\/o Hotel<\/li>\n<\/ul>\n<p>Contattaci per conoscere prezzi e servizi offerti!<\/p>\n<!-- \/wp:paragraph -->\t\t\t\t\t\t<\/div>\n\t\t\t\t<\/div>\n\t\t\t\t\t<\/div>\n\t\t<\/div>\n\t\t\t\t\t\t\t<\/div>\n\t\t<\/section>\n\t\t\t\t\t\t\t<\/div>\n\t\t","protected":false},"excerpt":{"rendered":"<p>Noleggiare una delle nostre nuovissime Stretch Limousine \u00e8 il modo migliore per trascorrere un San Valentino eccezionale! Si tratta di una soluzione originale per stupire chi ami il 14 febbraio 2023\u00a0con una serata fuori dal comune. \u00c8 il giorno dedicato a tutti gli innamorati, particolarmente indicato per dichiarare i propri sentimenti e le emozioni a [&hellip;]<\/p>\n","protected":false},"author":4,"featured_media":24379,"comment_status":"closed","ping_status":"open","sticky":false,"template":"elementor_header_footer","format":"standard","meta":[],"categories":[246],"tags":[848],"_links":{"self":[{"href":"https:\/\/www.autovintage.tv\/staging\/wp-json\/wp\/v2\/posts\/6010"}],"collection":[{"href":"https:\/\/www.autovintage.tv\/staging\/wp-json\/wp\/v2\/posts"}],"about":[{"href":"https:\/\/www.autovintage.tv\/staging\/wp-json\/wp\/v2\/types\/post"}],"author":[{"embeddable":true,"href":"https:\/\/www.autovintage.tv\/staging\/wp-json\/wp\/v2\/users\/4"}],"replies":[{"embeddable":true,"href":"https:\/\/www.autovintage.tv\/staging\/wp-json\/wp\/v2\/comments?post=6010"}],"version-history":[{"count":25,"href":"https:\/\/www.autovintage.tv\/staging\/wp-json\/wp\/v2\/posts\/6010\/revisions"}],"predecessor-version":[{"id":24383,"href":"https:\/\/www.autovintage.tv\/staging\/wp-json\/wp\/v2\/posts\/6010\/revisions\/24383"}],"wp:featuredmedia":[{"embeddable":true,"href":"https:\/\/www.autovintage.tv\/staging\/wp-json\/wp\/v2\/media\/24379"}],"wp:attachment":[{"href":"https:\/\/www.autovintage.tv\/staging\/wp-json\/wp\/v2\/media?parent=6010"}],"wp:term":[{"taxonomy":"category","embeddable":true,"href":"https:\/\/www.autovintage.tv\/staging\/wp-json\/wp\/v2\/categories?post=6010"},{"taxonomy":"post_tag","embeddable":true,"href":"https:\/\/www.autovintage.tv\/staging\/wp-json\/wp\/v2\/tags?post=6010"}],"curies":[{"name":"wp","href":"https:\/\/api.w.org\/{rel}","templated":true}]}}